{"id":12439,"date":"2016-07-22T08:43:13","date_gmt":"2016-07-22T07:43:13","guid":{"rendered":"https:\/\/inr-sa.ch\/de\/?p=12439"},"modified":"2016-07-22T08:44:26","modified_gmt":"2016-07-22T07:44:26","slug":"inr-participe-au-salon-micronora-de-septembre-2016-a-besancon","status":"publish","type":"post","link":"https:\/\/inr-sa.ch\/de\/inr-participe-au-salon-micronora-de-septembre-2016-a-besancon\/","title":{"rendered":"INR participe au salon Micronora de septembre 2016 \u00e0 Besan\u00e7on"},"content":{"rendered":"<p>INR sera pr\u00e9sent du <strong>27 au 30 septembre 2016<\/strong> \u00e0 <strong>Besan\u00e7on<\/strong> au Salon international des microtechniques (pr\u00e9cision &#8211; miniaturisation &#8211; int\u00e9gration de fonctions complexes) <strong>Micronora<\/strong>.<\/p>\n<p>Retrouvez nos produits d&#8217;injection RIM, composites et chaudronnerie plastique, en exposition sur notre stand et rencontrez nos professionnels pour \u00e9changer et\/ou trouver une solution technique \u00e0 votre besoin.<\/p>\n<p><a href=\"http:\/\/www.micronora.com\/\">Plus d&#8217;infos sur le site du Salon Micronora sur\u00a0micronora.com<\/a><\/p>\n","protected":false},"excerpt":{"rendered":"<p>INR sera pr\u00e9sent du 27 au 30 septembre 2016 \u00e0 Besan\u00e7on au Salon international des microtechniques (pr\u00e9cision &#8211; miniaturisation &#8211; int\u00e9gration de fonctions complexes) Micronora. Retrouvez nos produits d&#8217;injection RIM, composites et chaudronnerie plastique, en exposition sur notre stand et rencontrez nos professionnels pour \u00e9changer et\/ou trouver une solution technique \u00e0 votre besoin. Plus d&#8217;infos [&hellip;]<\/p>\n","protected":false},"author":3,"featured_media":12435,"comment_status":"open","ping_status":"open","sticky":false,"template":"","format":"standard","meta":[],"categories":[47],"tags":[],"yoast_head":"<!-- This site is optimized with the Yoast SEO plugin v20.5 - https:\/\/yoast.com\/wordpress\/plugins\/seo\/ -->\n<title>INR participe au salon Micronora de septembre 2016 \u00e0 Besan\u00e7on - INR SA - Plastics and Composites Solutions<\/title>\n<meta name=\"robots\" content=\"index, follow, max-snippet:-1, max-image-preview:large, max-video-preview:-1\" \/>\n<link rel=\"canonical\" href=\"https:\/\/inr-sa.ch\/de\/inr-participe-au-salon-micronora-de-septembre-2016-a-besancon\/\" \/>\n<meta property=\"og:locale\" content=\"de_DE\" \/>\n<meta property=\"og:type\" content=\"article\" \/>\n<meta property=\"og:title\" content=\"INR participe au salon Micronora de septembre 2016 \u00e0 Besan\u00e7on - INR SA - Plastics and Composites Solutions\" \/>\n<meta property=\"og:description\" content=\"INR sera pr\u00e9sent du 27 au 30 septembre 2016 \u00e0 Besan\u00e7on au Salon international des microtechniques (pr\u00e9cision &#8211; miniaturisation &#8211; int\u00e9gration de fonctions complexes) Micronora. Retrouvez nos produits d&#8217;injection RIM, composites et chaudronnerie plastique, en exposition sur notre stand et rencontrez nos professionnels pour \u00e9changer et\/ou trouver une solution technique \u00e0 votre besoin. Plus d&#8217;infos [&hellip;]\" \/>\n<meta property=\"og:url\" content=\"https:\/\/inr-sa.ch\/de\/inr-participe-au-salon-micronora-de-septembre-2016-a-besancon\/\" \/>\n<meta property=\"og:site_name\" content=\"INR SA - Plastics and Composites Solutions\" \/>\n<meta property=\"article:published_time\" content=\"2016-07-22T07:43:13+00:00\" \/>\n<meta property=\"article:modified_time\" content=\"2016-07-22T07:44:26+00:00\" \/>\n<meta property=\"og:image\" content=\"https:\/\/inr-sa.ch\/wp-content\/uploads\/2016\/07\/article_micronora_2016_2.jpg\" \/>\n\t<meta property=\"og:image:width\" content=\"1122\" \/>\n\t<meta property=\"og:image:height\" content=\"1024\" \/>\n\t<meta property=\"og:image:type\" content=\"image\/jpeg\" \/>\n<meta name=\"author\" content=\"Franck Migeon\" \/>\n<meta name=\"twitter:card\" content=\"summary_large_image\" \/>\n<meta name=\"twitter:label1\" content=\"Verfasst von\" \/>\n\t<meta name=\"twitter:data1\" content=\"Franck Migeon\" \/>\n<script type=\"application\/ld+json\" class=\"yoast-schema-graph\">{\"@context\":\"https:\/\/schema.org\",\"@graph\":[{\"@type\":\"WebPage\",\"@id\":\"https:\/\/inr-sa.ch\/de\/inr-participe-au-salon-micronora-de-septembre-2016-a-besancon\/\",\"url\":\"https:\/\/inr-sa.ch\/de\/inr-participe-au-salon-micronora-de-septembre-2016-a-besancon\/\",\"name\":\"INR participe au salon Micronora de septembre 2016 \u00e0 Besan\u00e7on - INR SA - Plastics and Composites Solutions\",\"isPartOf\":{\"@id\":\"https:\/\/inr-sa.ch\/#website\"},\"datePublished\":\"2016-07-22T07:43:13+00:00\",\"dateModified\":\"2016-07-22T07:44:26+00:00\",\"author\":{\"@id\":\"https:\/\/inr-sa.ch\/#\/schema\/person\/766f9ce147afe9fee11c72a127ff8114\"},\"breadcrumb\":{\"@id\":\"https:\/\/inr-sa.ch\/de\/inr-participe-au-salon-micronora-de-septembre-2016-a-besancon\/#breadcrumb\"},\"inLanguage\":\"de\",\"potentialAction\":[{\"@type\":\"ReadAction\",\"target\":[\"https:\/\/inr-sa.ch\/de\/inr-participe-au-salon-micronora-de-septembre-2016-a-besancon\/\"]}]},{\"@type\":\"BreadcrumbList\",\"@id\":\"https:\/\/inr-sa.ch\/de\/inr-participe-au-salon-micronora-de-septembre-2016-a-besancon\/#breadcrumb\",\"itemListElement\":[{\"@type\":\"ListItem\",\"position\":1,\"name\":\"Accueil\",\"item\":\"https:\/\/inr-sa.ch\/de\/\"},{\"@type\":\"ListItem\",\"position\":2,\"name\":\"INR participe au salon Micronora de septembre 2016 \u00e0 Besan\u00e7on\"}]},{\"@type\":\"WebSite\",\"@id\":\"https:\/\/inr-sa.ch\/#website\",\"url\":\"https:\/\/inr-sa.ch\/\",\"name\":\"INR SA - Plastics and Composites Solutions\",\"description\":\"\",\"potentialAction\":[{\"@type\":\"SearchAction\",\"target\":{\"@type\":\"EntryPoint\",\"urlTemplate\":\"https:\/\/inr-sa.ch\/?s={search_term_string}\"},\"query-input\":\"required name=search_term_string\"}],\"inLanguage\":\"de\"},{\"@type\":\"Person\",\"@id\":\"https:\/\/inr-sa.ch\/#\/schema\/person\/766f9ce147afe9fee11c72a127ff8114\",\"name\":\"Franck Migeon\",\"image\":{\"@type\":\"ImageObject\",\"inLanguage\":\"de\",\"@id\":\"https:\/\/inr-sa.ch\/#\/schema\/person\/image\/\",\"url\":\"https:\/\/secure.gravatar.com\/avatar\/15ad9dd94b0a9a60b2c2fdb6a241f858?s=96&d=mm&r=g\",\"contentUrl\":\"https:\/\/secure.gravatar.com\/avatar\/15ad9dd94b0a9a60b2c2fdb6a241f858?s=96&d=mm&r=g\",\"caption\":\"Franck Migeon\"},\"url\":\"https:\/\/inr-sa.ch\/de\/author\/franck\/\"}]}<\/script>\n<!-- \/ Yoast SEO plugin. -->","yoast_head_json":{"title":"INR participe au salon Micronora de septembre 2016 \u00e0 Besan\u00e7on - INR SA - Plastics and Composites Solutions","robots":{"index":"index","follow":"follow","max-snippet":"max-snippet:-1","max-image-preview":"max-image-preview:large","max-video-preview":"max-video-preview:-1"},"canonical":"https:\/\/inr-sa.ch\/de\/inr-participe-au-salon-micronora-de-septembre-2016-a-besancon\/","og_locale":"de_DE","og_type":"article","og_title":"INR participe au salon Micronora de septembre 2016 \u00e0 Besan\u00e7on - INR SA - Plastics and Composites Solutions","og_description":"INR sera pr\u00e9sent du 27 au 30 septembre 2016 \u00e0 Besan\u00e7on au Salon international des microtechniques (pr\u00e9cision &#8211; miniaturisation &#8211; int\u00e9gration de fonctions complexes) Micronora. Retrouvez nos produits d&#8217;injection RIM, composites et chaudronnerie plastique, en exposition sur notre stand et rencontrez nos professionnels pour \u00e9changer et\/ou trouver une solution technique \u00e0 votre besoin. Plus d&#8217;infos [&hellip;]","og_url":"https:\/\/inr-sa.ch\/de\/inr-participe-au-salon-micronora-de-septembre-2016-a-besancon\/","og_site_name":"INR SA - Plastics and Composites Solutions","article_published_time":"2016-07-22T07:43:13+00:00","article_modified_time":"2016-07-22T07:44:26+00:00","og_image":[{"width":1122,"height":1024,"url":"https:\/\/inr-sa.ch\/wp-content\/uploads\/2016\/07\/article_micronora_2016_2.jpg","type":"image\/jpeg"}],"author":"Franck Migeon","twitter_card":"summary_large_image","twitter_misc":{"Verfasst von":"Franck Migeon"},"schema":{"@context":"https:\/\/schema.org","@graph":[{"@type":"WebPage","@id":"https:\/\/inr-sa.ch\/de\/inr-participe-au-salon-micronora-de-septembre-2016-a-besancon\/","url":"https:\/\/inr-sa.ch\/de\/inr-participe-au-salon-micronora-de-septembre-2016-a-besancon\/","name":"INR participe au salon Micronora de septembre 2016 \u00e0 Besan\u00e7on - INR SA - Plastics and Composites Solutions","isPartOf":{"@id":"https:\/\/inr-sa.ch\/#website"},"datePublished":"2016-07-22T07:43:13+00:00","dateModified":"2016-07-22T07:44:26+00:00","author":{"@id":"https:\/\/inr-sa.ch\/#\/schema\/person\/766f9ce147afe9fee11c72a127ff8114"},"breadcrumb":{"@id":"https:\/\/inr-sa.ch\/de\/inr-participe-au-salon-micronora-de-septembre-2016-a-besancon\/#breadcrumb"},"inLanguage":"de","potentialAction":[{"@type":"ReadAction","target":["https:\/\/inr-sa.ch\/de\/inr-participe-au-salon-micronora-de-septembre-2016-a-besancon\/"]}]},{"@type":"BreadcrumbList","@id":"https:\/\/inr-sa.ch\/de\/inr-participe-au-salon-micronora-de-septembre-2016-a-besancon\/#breadcrumb","itemListElement":[{"@type":"ListItem","position":1,"name":"Accueil","item":"https:\/\/inr-sa.ch\/de\/"},{"@type":"ListItem","position":2,"name":"INR participe au salon Micronora de septembre 2016 \u00e0 Besan\u00e7on"}]},{"@type":"WebSite","@id":"https:\/\/inr-sa.ch\/#website","url":"https:\/\/inr-sa.ch\/","name":"INR SA - Plastics and Composites Solutions","description":"","potentialAction":[{"@type":"SearchAction","target":{"@type":"EntryPoint","urlTemplate":"https:\/\/inr-sa.ch\/?s={search_term_string}"},"query-input":"required name=search_term_string"}],"inLanguage":"de"},{"@type":"Person","@id":"https:\/\/inr-sa.ch\/#\/schema\/person\/766f9ce147afe9fee11c72a127ff8114","name":"Franck Migeon","image":{"@type":"ImageObject","inLanguage":"de","@id":"https:\/\/inr-sa.ch\/#\/schema\/person\/image\/","url":"https:\/\/secure.gravatar.com\/avatar\/15ad9dd94b0a9a60b2c2fdb6a241f858?s=96&d=mm&r=g","contentUrl":"https:\/\/secure.gravatar.com\/avatar\/15ad9dd94b0a9a60b2c2fdb6a241f858?s=96&d=mm&r=g","caption":"Franck Migeon"},"url":"https:\/\/inr-sa.ch\/de\/author\/franck\/"}]}},"_links":{"self":[{"href":"https:\/\/inr-sa.ch\/de\/wp-json\/wp\/v2\/posts\/12439"}],"collection":[{"href":"https:\/\/inr-sa.ch\/de\/wp-json\/wp\/v2\/posts"}],"about":[{"href":"https:\/\/inr-sa.ch\/de\/wp-json\/wp\/v2\/types\/post"}],"author":[{"embeddable":true,"href":"https:\/\/inr-sa.ch\/de\/wp-json\/wp\/v2\/users\/3"}],"replies":[{"embeddable":true,"href":"https:\/\/inr-sa.ch\/de\/wp-json\/wp\/v2\/comments?post=12439"}],"version-history":[{"count":0,"href":"https:\/\/inr-sa.ch\/de\/wp-json\/wp\/v2\/posts\/12439\/revisions"}],"wp:featuredmedia":[{"embeddable":true,"href":"https:\/\/inr-sa.ch\/de\/wp-json\/wp\/v2\/media\/12435"}],"wp:attachment":[{"href":"https:\/\/inr-sa.ch\/de\/wp-json\/wp\/v2\/media?parent=12439"}],"wp:term":[{"taxonomy":"category","embeddable":true,"href":"https:\/\/inr-sa.ch\/de\/wp-json\/wp\/v2\/categories?post=12439"},{"taxonomy":"post_tag","embeddable":true,"href":"https:\/\/inr-sa.ch\/de\/wp-json\/wp\/v2\/tags?post=12439"}],"curies":[{"name":"wp","href":"https:\/\/api.w.org\/{rel}","templated":true}]}}